{"id":6301,"date":"2023-07-21T18:45:53","date_gmt":"2023-07-21T18:45:53","guid":{"rendered":"https:\/\/www.feuerwehr-breitenau.at\/?p=6301"},"modified":"2023-07-21T18:45:56","modified_gmt":"2023-07-21T18:45:56","slug":"verkehrsunfall-2","status":"publish","type":"post","link":"https:\/\/www.feuerwehr-breitenau.at\/?p=6301","title":{"rendered":"Verkehrsunfall"},"content":{"rendered":"\n<p>Am 17.07.2023 kam es auf der Bahnstra\u00dfe bei der Ausfahrt Duskanich zu einem Verkehrsunfall.<br>Aus unbekannter Ursache ist ein Motoradfahrer gegen einen PKW gesto\u00dfen. Der Motoradfahrer wurde \u00fcber das Auto geschleudert und kam im Gr\u00fcnstreifen zum liegen. <\/p>\n\n\n\n<p>Die Insassen des PKW blieben unverletzt. Der Motoradfahrer wurde nach medizinischer Erstversorgung mit dem Notarztwagen in das Landesklinikum Wr. Neustadt gebracht. F\u00fcr die Dauer der Bergung beider Fahrzeuge wurde die Bahnstra\u00dfe gesperrt. <\/p>\n\n\n\n<p>Nach ca. 1 Stunde konnte der Einsatz wieder beendet werden.<br>Im Einsatz waren die Feuerwehren Neunkirchen-Stadt und Breitenau mit insgesamt 6 Fahrzeugen und 25 Mann.<\/p>\n\n\n\n<p>Fotos: Feuerwehr Breitenau<\/p>\n\n\n\n<figure class=\"wp-block-gallery has-nested-images columns-default is-cropped wp-block-gallery-1 is-layout-flex wp-block-gallery-is-layout-flex\">\n<figure class=\"wp-block-image size-large\"><img loading=\"lazy\" decoding=\"async\" width=\"1024\" height=\"461\" data-id=\"6304\" src=\"https:\/\/www.feuerwehr-breitenau.at\/wp-content\/uploads\/2023\/07\/WhatsApp-Image-2023-07-18-at-6.28.06-AM-1024x461.jpeg\" alt=\"\" class=\"wp-image-6304\" srcset=\"https:\/\/www.feuerwehr-breitenau.at\/wp-content\/uploads\/2023\/07\/WhatsApp-Image-2023-07-18-at-6.28.06-AM-1024x461.jpeg 1024w, https:\/\/www.feuerwehr-breitenau.at\/wp-content\/uploads\/2023\/07\/WhatsApp-Image-2023-07-18-at-6.28.06-AM-300x135.jpeg 300w, https:\/\/www.feuerwehr-breitenau.at\/wp-content\/uploads\/2023\/07\/WhatsApp-Image-2023-07-18-at-6.28.06-AM-768x346.jpeg 768w, https:\/\/www.feuerwehr-breitenau.at\/wp-content\/uploads\/2023\/07\/WhatsApp-Image-2023-07-18-at-6.28.06-AM-1536x691.jpeg 1536w, https:\/\/www.feuerwehr-breitenau.at\/wp-content\/uploads\/2023\/07\/WhatsApp-Image-2023-07-18-at-6.28.06-AM.jpeg 2000w\" sizes=\"auto, (max-width: 1024px) 100vw, 1024px\" \/><\/figure>\n\n\n\n<figure class=\"wp-block-image size-large\"><img loading=\"lazy\" decoding=\"async\" width=\"1024\" height=\"461\" data-id=\"6305\" src=\"https:\/\/www.feuerwehr-breitenau.at\/wp-content\/uploads\/2023\/07\/WhatsApp-Image-2023-07-18-at-6.28.08-AM-1024x461.jpeg\" alt=\"\" class=\"wp-image-6305\" srcset=\"https:\/\/www.feuerwehr-breitenau.at\/wp-content\/uploads\/2023\/07\/WhatsApp-Image-2023-07-18-at-6.28.08-AM-1024x461.jpeg 1024w, https:\/\/www.feuerwehr-breitenau.at\/wp-content\/uploads\/2023\/07\/WhatsApp-Image-2023-07-18-at-6.28.08-AM-300x135.jpeg 300w, https:\/\/www.feuerwehr-breitenau.at\/wp-content\/uploads\/2023\/07\/WhatsApp-Image-2023-07-18-at-6.28.08-AM-768x346.jpeg 768w, https:\/\/www.feuerwehr-breitenau.at\/wp-content\/uploads\/2023\/07\/WhatsApp-Image-2023-07-18-at-6.28.08-AM-1536x691.jpeg 1536w, https:\/\/www.feuerwehr-breitenau.at\/wp-content\/uploads\/2023\/07\/WhatsApp-Image-2023-07-18-at-6.28.08-AM.jpeg 2000w\" sizes=\"auto, (max-width: 1024px) 100vw, 1024px\" \/><\/figure>\n\n\n\n<figure class=\"wp-block-image size-large\"><img loading=\"lazy\" decoding=\"async\" width=\"1024\" height=\"461\" data-id=\"6302\" src=\"https:\/\/www.feuerwehr-breitenau.at\/wp-content\/uploads\/2023\/07\/WhatsApp-Image-2023-07-18-at-6.28.09-AM-1024x461.jpeg\" alt=\"\" class=\"wp-image-6302\" \/><\/figure>\n\n\n\n<figure class=\"wp-block-image size-large\"><img loading=\"lazy\" decoding=\"async\" width=\"1024\" height=\"461\" data-id=\"6307\" src=\"https:\/\/www.feuerwehr-breitenau.at\/wp-content\/uploads\/2023\/07\/WhatsApp-Image-2023-07-18-at-6.28.34-AM-1-1024x461.jpeg\" alt=\"\" class=\"wp-image-6307\" srcset=\"https:\/\/www.feuerwehr-breitenau.at\/wp-content\/uploads\/2023\/07\/WhatsApp-Image-2023-07-18-at-6.28.34-AM-1-1024x461.jpeg 1024w, https:\/\/www.feuerwehr-breitenau.at\/wp-content\/uploads\/2023\/07\/WhatsApp-Image-2023-07-18-at-6.28.34-AM-1-300x135.jpeg 300w, https:\/\/www.feuerwehr-breitenau.at\/wp-content\/uploads\/2023\/07\/WhatsApp-Image-2023-07-18-at-6.28.34-AM-1-768x346.jpeg 768w, https:\/\/www.feuerwehr-breitenau.at\/wp-content\/uploads\/2023\/07\/WhatsApp-Image-2023-07-18-at-6.28.34-AM-1-1536x691.jpeg 1536w, https:\/\/www.feuerwehr-breitenau.at\/wp-content\/uploads\/2023\/07\/WhatsApp-Image-2023-07-18-at-6.28.34-AM-1.jpeg 2000w\" sizes=\"auto, (max-width: 1024px) 100vw, 1024px\" \/><\/figure>\n\n\n\n<figure class=\"wp-block-image size-large\"><img loading=\"lazy\" decoding=\"async\" width=\"956\" height=\"1024\" data-id=\"6308\" src=\"https:\/\/www.feuerwehr-breitenau.at\/wp-content\/uploads\/2023\/07\/WhatsApp-Image-2023-07-18-at-6.28.33-AM-1-956x1024.jpeg\" alt=\"\" class=\"wp-image-6308\" srcset=\"https:\/\/www.feuerwehr-breitenau.at\/wp-content\/uploads\/2023\/07\/WhatsApp-Image-2023-07-18-at-6.28.33-AM-1-956x1024.jpeg 956w, https:\/\/www.feuerwehr-breitenau.at\/wp-content\/uploads\/2023\/07\/WhatsApp-Image-2023-07-18-at-6.28.33-AM-1-280x300.jpeg 280w, https:\/\/www.feuerwehr-breitenau.at\/wp-content\/uploads\/2023\/07\/WhatsApp-Image-2023-07-18-at-6.28.33-AM-1-768x823.jpeg 768w, https:\/\/www.feuerwehr-breitenau.at\/wp-content\/uploads\/2023\/07\/WhatsApp-Image-2023-07-18-at-6.28.33-AM-1-1433x1536.jpeg 1433w, https:\/\/www.feuerwehr-breitenau.at\/wp-content\/uploads\/2023\/07\/WhatsApp-Image-2023-07-18-at-6.28.33-AM-1.jpeg 1536w\" sizes=\"auto, (max-width: 956px) 100vw, 956px\" \/><\/figure>\n<\/figure>\n","protected":false},"excerpt":{"rendered":"<p>Am 17.07.2023 kam es auf der Bahnstra\u00dfe bei der Ausfahrt Duskanich zu einem Verkehrsunfall.Aus unbekannter Ursache ist ein Motoradfahrer gegen<\/p>\n","protected":false},"author":7,"featured_media":6302,"comment_status":"closed","ping_status":"closed","sticky":false,"template":"","format":"standard","meta":{"colormag_page_container_layout":"default_layout","colormag_page_sidebar_layout":"default_layout","footnotes":""},"categories":[3],"tags":[],"class_list":["post-6301","post","type-post","status-publish","format-standard","has-post-thumbnail","hentry","category-einsaetze"],"_links":{"self":[{"href":"https:\/\/www.feuerwehr-breitenau.at\/index.php?rest_route=\/wp\/v2\/posts\/6301","targetHints":{"allow":["GET"]}}],"collection":[{"href":"https:\/\/www.feuerwehr-breitenau.at\/index.php?rest_route=\/wp\/v2\/posts"}],"about":[{"href":"https:\/\/www.feuerwehr-breitenau.at\/index.php?rest_route=\/wp\/v2\/types\/post"}],"author":[{"embeddable":true,"href":"https:\/\/www.feuerwehr-breitenau.at\/index.php?rest_route=\/wp\/v2\/users\/7"}],"replies":[{"embeddable":true,"href":"https:\/\/www.feuerwehr-breitenau.at\/index.php?rest_route=%2Fwp%2Fv2%2Fcomments&post=6301"}],"version-history":[{"count":1,"href":"https:\/\/www.feuerwehr-breitenau.at\/index.php?rest_route=\/wp\/v2\/posts\/6301\/revisions"}],"predecessor-version":[{"id":6309,"href":"https:\/\/www.feuerwehr-breitenau.at\/index.php?rest_route=\/wp\/v2\/posts\/6301\/revisions\/6309"}],"wp:featuredmedia":[{"embeddable":true,"href":"https:\/\/www.feuerwehr-breitenau.at\/index.php?rest_route=\/wp\/v2\/media\/6302"}],"wp:attachment":[{"href":"https:\/\/www.feuerwehr-breitenau.at\/index.php?rest_route=%2Fwp%2Fv2%2Fmedia&parent=6301"}],"wp:term":[{"taxonomy":"category","embeddable":true,"href":"https:\/\/www.feuerwehr-breitenau.at\/index.php?rest_route=%2Fwp%2Fv2%2Fcategories&post=6301"},{"taxonomy":"post_tag","embeddable":true,"href":"https:\/\/www.feuerwehr-breitenau.at\/index.php?rest_route=%2Fwp%2Fv2%2Ftags&post=6301"}],"curies":[{"name":"wp","href":"https:\/\/api.w.org\/{rel}","templated":true}]}}