{"id":6316,"date":"2023-08-06T17:14:38","date_gmt":"2023-08-06T17:14:38","guid":{"rendered":"https:\/\/www.feuerwehr-breitenau.at\/?p=6316"},"modified":"2023-08-06T17:14:42","modified_gmt":"2023-08-06T17:14:42","slug":"branduebung-im-steinfeldzentrum","status":"publish","type":"post","link":"https:\/\/www.feuerwehr-breitenau.at\/?p=6316","title":{"rendered":"Brand\u00fcbung im Steinfeldzentrum"},"content":{"rendered":"\n<p>Am 29.06.2023 fand im Steinfeldzentrum Breitenau eine Brand\u00fcbung statt. \u00dcbungsannahme war ein Brandausbruch im Kellerbereich mit 2 vermissten Personen.<\/p>\n\n\n\n<p>Ein Atemschutztrupp begann sofort nach Eintreffen am \u00dcbungsort mit der Personensuche. Eine Person wurde mittels Brandfluchthaube durch den verrauchten Gang, die zweite Person mittels Steckleiter aus dem 1. Stock gerettet. Weiters wurde der gesamte Bereich mit einem Druckbel\u00fcfter rauchfrei gemacht. Die Brandbek\u00e4mpfung wurde mit einer C 42 L\u00f6schleitung vorgenommen. <\/p>\n\n\n\n<p>Nach einer \u00dcbungsbesprechung konnte die \u00dcbung nach ca. einer Stunde beendet werden.<\/p>\n\n\n\n<p>Fotos: Feuerwehr Breitenau<\/p>\n\n\n\n<figure class=\"wp-block-gallery has-nested-images columns-default is-cropped wp-block-gallery-1 is-layout-flex wp-block-gallery-is-layout-flex\">\n<figure class=\"wp-block-image size-large\"><img loading=\"lazy\" decoding=\"async\" width=\"1024\" height=\"461\" data-id=\"6318\" src=\"https:\/\/www.feuerwehr-breitenau.at\/wp-content\/uploads\/2023\/08\/WhatsApp-Image-2023-08-02-at-11.18.11-AM-1024x461.jpeg\" alt=\"\" class=\"wp-image-6318\" srcset=\"https:\/\/www.feuerwehr-breitenau.at\/wp-content\/uploads\/2023\/08\/WhatsApp-Image-2023-08-02-at-11.18.11-AM-1024x461.jpeg 1024w, https:\/\/www.feuerwehr-breitenau.at\/wp-content\/uploads\/2023\/08\/WhatsApp-Image-2023-08-02-at-11.18.11-AM-300x135.jpeg 300w, https:\/\/www.feuerwehr-breitenau.at\/wp-content\/uploads\/2023\/08\/WhatsApp-Image-2023-08-02-at-11.18.11-AM-768x346.jpeg 768w, https:\/\/www.feuerwehr-breitenau.at\/wp-content\/uploads\/2023\/08\/WhatsApp-Image-2023-08-02-at-11.18.11-AM-1536x691.jpeg 1536w, https:\/\/www.feuerwehr-breitenau.at\/wp-content\/uploads\/2023\/08\/WhatsApp-Image-2023-08-02-at-11.18.11-AM.jpeg 2000w\" sizes=\"auto, (max-width: 1024px) 100vw, 1024px\" \/><\/figure>\n\n\n\n<figure class=\"wp-block-image size-large\"><img loading=\"lazy\" decoding=\"async\" width=\"1024\" height=\"461\" data-id=\"6317\" src=\"https:\/\/www.feuerwehr-breitenau.at\/wp-content\/uploads\/2023\/08\/WhatsApp-Image-2023-08-02-at-11.18.12-AM-1-1024x461.jpeg\" alt=\"\" class=\"wp-image-6317\" srcset=\"https:\/\/www.feuerwehr-breitenau.at\/wp-content\/uploads\/2023\/08\/WhatsApp-Image-2023-08-02-at-11.18.12-AM-1-1024x461.jpeg 1024w, https:\/\/www.feuerwehr-breitenau.at\/wp-content\/uploads\/2023\/08\/WhatsApp-Image-2023-08-02-at-11.18.12-AM-1-300x135.jpeg 300w, https:\/\/www.feuerwehr-breitenau.at\/wp-content\/uploads\/2023\/08\/WhatsApp-Image-2023-08-02-at-11.18.12-AM-1-768x346.jpeg 768w, https:\/\/www.feuerwehr-breitenau.at\/wp-content\/uploads\/2023\/08\/WhatsApp-Image-2023-08-02-at-11.18.12-AM-1-1536x691.jpeg 1536w, https:\/\/www.feuerwehr-breitenau.at\/wp-content\/uploads\/2023\/08\/WhatsApp-Image-2023-08-02-at-11.18.12-AM-1.jpeg 2000w\" sizes=\"auto, (max-width: 1024px) 100vw, 1024px\" \/><\/figure>\n\n\n\n<figure class=\"wp-block-image size-large\"><img loading=\"lazy\" decoding=\"async\" width=\"1024\" height=\"461\" data-id=\"6321\" src=\"https:\/\/www.feuerwehr-breitenau.at\/wp-content\/uploads\/2023\/08\/WhatsApp-Image-2023-08-02-at-11.18.12-AM-1024x461.jpeg\" alt=\"\" class=\"wp-image-6321\" srcset=\"https:\/\/www.feuerwehr-breitenau.at\/wp-content\/uploads\/2023\/08\/WhatsApp-Image-2023-08-02-at-11.18.12-AM-1024x461.jpeg 1024w, https:\/\/www.feuerwehr-breitenau.at\/wp-content\/uploads\/2023\/08\/WhatsApp-Image-2023-08-02-at-11.18.12-AM-300x135.jpeg 300w, https:\/\/www.feuerwehr-breitenau.at\/wp-content\/uploads\/2023\/08\/WhatsApp-Image-2023-08-02-at-11.18.12-AM-768x346.jpeg 768w, https:\/\/www.feuerwehr-breitenau.at\/wp-content\/uploads\/2023\/08\/WhatsApp-Image-2023-08-02-at-11.18.12-AM-1536x691.jpeg 1536w, https:\/\/www.feuerwehr-breitenau.at\/wp-content\/uploads\/2023\/08\/WhatsApp-Image-2023-08-02-at-11.18.12-AM.jpeg 2000w\" sizes=\"auto, (max-width: 1024px) 100vw, 1024px\" \/><\/figure>\n\n\n\n<figure class=\"wp-block-image size-large\"><img loading=\"lazy\" decoding=\"async\" width=\"1024\" height=\"461\" data-id=\"6320\" src=\"https:\/\/www.feuerwehr-breitenau.at\/wp-content\/uploads\/2023\/08\/WhatsApp-Image-2023-08-02-at-11.18.13-AM-1-1024x461.jpeg\" alt=\"\" class=\"wp-image-6320\" srcset=\"https:\/\/www.feuerwehr-breitenau.at\/wp-content\/uploads\/2023\/08\/WhatsApp-Image-2023-08-02-at-11.18.13-AM-1-1024x461.jpeg 1024w, https:\/\/www.feuerwehr-breitenau.at\/wp-content\/uploads\/2023\/08\/WhatsApp-Image-2023-08-02-at-11.18.13-AM-1-300x135.jpeg 300w, https:\/\/www.feuerwehr-breitenau.at\/wp-content\/uploads\/2023\/08\/WhatsApp-Image-2023-08-02-at-11.18.13-AM-1-768x346.jpeg 768w, https:\/\/www.feuerwehr-breitenau.at\/wp-content\/uploads\/2023\/08\/WhatsApp-Image-2023-08-02-at-11.18.13-AM-1-1536x691.jpeg 1536w, https:\/\/www.feuerwehr-breitenau.at\/wp-content\/uploads\/2023\/08\/WhatsApp-Image-2023-08-02-at-11.18.13-AM-1.jpeg 2000w\" sizes=\"auto, (max-width: 1024px) 100vw, 1024px\" \/><\/figure>\n\n\n\n<figure class=\"wp-block-image size-large\"><img loading=\"lazy\" decoding=\"async\" width=\"1024\" height=\"461\" data-id=\"6319\" src=\"https:\/\/www.feuerwehr-breitenau.at\/wp-content\/uploads\/2023\/08\/WhatsApp-Image-2023-08-02-at-11.18.13-AM-1024x461.jpeg\" alt=\"\" class=\"wp-image-6319\" srcset=\"https:\/\/www.feuerwehr-breitenau.at\/wp-content\/uploads\/2023\/08\/WhatsApp-Image-2023-08-02-at-11.18.13-AM-1024x461.jpeg 1024w, https:\/\/www.feuerwehr-breitenau.at\/wp-content\/uploads\/2023\/08\/WhatsApp-Image-2023-08-02-at-11.18.13-AM-300x135.jpeg 300w, https:\/\/www.feuerwehr-breitenau.at\/wp-content\/uploads\/2023\/08\/WhatsApp-Image-2023-08-02-at-11.18.13-AM-768x346.jpeg 768w, https:\/\/www.feuerwehr-breitenau.at\/wp-content\/uploads\/2023\/08\/WhatsApp-Image-2023-08-02-at-11.18.13-AM-1536x691.jpeg 1536w, https:\/\/www.feuerwehr-breitenau.at\/wp-content\/uploads\/2023\/08\/WhatsApp-Image-2023-08-02-at-11.18.13-AM.jpeg 2000w\" sizes=\"auto, (max-width: 1024px) 100vw, 1024px\" \/><\/figure>\n<\/figure>\n","protected":false},"excerpt":{"rendered":"<p>Am 29.06.2023 fand im Steinfeldzentrum Breitenau eine Brand\u00fcbung statt. \u00dcbungsannahme war ein Brandausbruch im Kellerbereich mit 2 vermissten Personen. Ein<\/p>\n","protected":false},"author":7,"featured_media":6319,"comment_status":"closed","ping_status":"closed","sticky":false,"template":"","format":"standard","meta":{"colormag_page_container_layout":"default_layout","colormag_page_sidebar_layout":"default_layout","footnotes":""},"categories":[2],"tags":[],"class_list":["post-6316","post","type-post","status-publish","format-standard","has-post-thumbnail","hentry","category-news"],"_links":{"self":[{"href":"https:\/\/www.feuerwehr-breitenau.at\/index.php?rest_route=\/wp\/v2\/posts\/6316","targetHints":{"allow":["GET"]}}],"collection":[{"href":"https:\/\/www.feuerwehr-breitenau.at\/index.php?rest_route=\/wp\/v2\/posts"}],"about":[{"href":"https:\/\/www.feuerwehr-breitenau.at\/index.php?rest_route=\/wp\/v2\/types\/post"}],"author":[{"embeddable":true,"href":"https:\/\/www.feuerwehr-breitenau.at\/index.php?rest_route=\/wp\/v2\/users\/7"}],"replies":[{"embeddable":true,"href":"https:\/\/www.feuerwehr-breitenau.at\/index.php?rest_route=%2Fwp%2Fv2%2Fcomments&post=6316"}],"version-history":[{"count":1,"href":"https:\/\/www.feuerwehr-breitenau.at\/index.php?rest_route=\/wp\/v2\/posts\/6316\/revisions"}],"predecessor-version":[{"id":6322,"href":"https:\/\/www.feuerwehr-breitenau.at\/index.php?rest_route=\/wp\/v2\/posts\/6316\/revisions\/6322"}],"wp:featuredmedia":[{"embeddable":true,"href":"https:\/\/www.feuerwehr-breitenau.at\/index.php?rest_route=\/wp\/v2\/media\/6319"}],"wp:attachment":[{"href":"https:\/\/www.feuerwehr-breitenau.at\/index.php?rest_route=%2Fwp%2Fv2%2Fmedia&parent=6316"}],"wp:term":[{"taxonomy":"category","embeddable":true,"href":"https:\/\/www.feuerwehr-breitenau.at\/index.php?rest_route=%2Fwp%2Fv2%2Fcategories&post=6316"},{"taxonomy":"post_tag","embeddable":true,"href":"https:\/\/www.feuerwehr-breitenau.at\/index.php?rest_route=%2Fwp%2Fv2%2Ftags&post=6316"}],"curies":[{"name":"wp","href":"https:\/\/api.w.org\/{rel}","templated":true}]}}