{"id":8539,"date":"2025-11-25T14:58:35","date_gmt":"2025-11-25T14:58:35","guid":{"rendered":"https:\/\/www.feuerwehr-breitenau.at\/?p=8539"},"modified":"2025-11-25T14:58:35","modified_gmt":"2025-11-25T14:58:35","slug":"ua-funkuebung-2","status":"publish","type":"post","link":"https:\/\/www.feuerwehr-breitenau.at\/?p=8539","title":{"rendered":"UA-Funk\u00fcbung"},"content":{"rendered":"\n<p>Am Dienstag, den 11.11.2025, fand in Mollram die Funk\u00fcbung des Unterabschnitt 1 in Mollram statt. &nbsp;<\/p>\n\n\n\n<p>Die diesj\u00e4hrige Funk\u00fcbung stand wieder im Zeichen der Teamarbeit und der Verbesserung der Kommunikation mit dem Funkger\u00e4t im Einsatzfall. &nbsp;<\/p>\n\n\n\n<p>Die teilnehmenden Feuerwehren Breitenau, Mollram, Peisching und Neunkirchen-Stadt mussten verschiedene Aufgaben l\u00f6sen und dabei ihr Allgemeinwissen und ihre F\u00e4higkeiten am Funkger\u00e4t beweisen.&nbsp;<\/p>\n\n\n\n<p>Eine Aufgabe bestand darin eine andere teilnehmende Feuerwehr zu einem bestimmten Punkt in Mollram zu lotsen. Dort musste die zu lotsende Feuerwehr eine Aufgabe erf\u00fcllen.&nbsp;<\/p>\n\n\n\n<p>In einer weiteren Aufgabe mussten sich die Teilnehmer gegenseitig Fragen stellen und diese auch richtig beantworten. Die Themen reichten von Allgemeinwissen bis hin zu Feuerwehrspezifischen Fragen.&nbsp;<\/p>\n\n\n\n<p>Als Abschluss der \u00dcbung wurde das Spiel \u201eWer bin ich?\u201c gespielt. Jede Feuerwehr bekam ein Foto eines Feuerwehrfunktion\u00e4rs und durch gezielte Ja\/Nein-Fragen musste die jeweilige Person erraten werden.&nbsp;<\/p>\n\n\n\n<p>Die kurzweilige \u00dcbung konnte nach ca. 1,5 Stunden beendet werden.&nbsp;<\/p>\n\n\n\n<figure class=\"wp-block-image size-large\"><img loading=\"lazy\" decoding=\"async\" width=\"1600\" height=\"1200\" src=\"https:\/\/www.feuerwehr-breitenau.at\/wp-content\/uploads\/2025\/11\/d3333798-4ea0-4a07-8619-bc5acf2944f7-1.jpg\" alt=\"\" class=\"wp-image-8511\" srcset=\"https:\/\/www.feuerwehr-breitenau.at\/wp-content\/uploads\/2025\/11\/d3333798-4ea0-4a07-8619-bc5acf2944f7-1.jpg 1600w, https:\/\/www.feuerwehr-breitenau.at\/wp-content\/uploads\/2025\/11\/d3333798-4ea0-4a07-8619-bc5acf2944f7-1-300x225.jpg 300w\" sizes=\"auto, (max-width: 1600px) 100vw, 1600px\" \/><\/figure>\n\n\n\n<figure class=\"wp-block-gallery has-nested-images columns-default is-cropped wp-block-gallery-1 is-layout-flex wp-block-gallery-is-layout-flex\">\n<figure class=\"wp-block-image size-large\"><img loading=\"lazy\" decoding=\"async\" width=\"768\" height=\"1024\" data-id=\"8481\" src=\"https:\/\/www.feuerwehr-breitenau.at\/wp-content\/uploads\/2025\/11\/b0670858-be3f-45de-b06b-285b4cc14a20-768x1024.jpg\" alt=\"\" class=\"wp-image-8481\" srcset=\"https:\/\/www.feuerwehr-breitenau.at\/wp-content\/uploads\/2025\/11\/b0670858-be3f-45de-b06b-285b4cc14a20-768x1024.jpg 768w, https:\/\/www.feuerwehr-breitenau.at\/wp-content\/uploads\/2025\/11\/b0670858-be3f-45de-b06b-285b4cc14a20-225x300.jpg 225w, https:\/\/www.feuerwehr-breitenau.at\/wp-content\/uploads\/2025\/11\/b0670858-be3f-45de-b06b-285b4cc14a20-1152x1536.jpg 1152w, https:\/\/www.feuerwehr-breitenau.at\/wp-content\/uploads\/2025\/11\/b0670858-be3f-45de-b06b-285b4cc14a20.jpg 1200w\" sizes=\"auto, (max-width: 768px) 100vw, 768px\" \/><\/figure>\n\n\n\n<figure class=\"wp-block-image size-large\"><img loading=\"lazy\" decoding=\"async\" width=\"768\" height=\"1024\" data-id=\"8485\" src=\"https:\/\/www.feuerwehr-breitenau.at\/wp-content\/uploads\/2025\/11\/c0f6fdfe-ce4b-45cd-b03a-7eaf6406a24b-1-768x1024.jpg\" alt=\"\" class=\"wp-image-8485\" srcset=\"https:\/\/www.feuerwehr-breitenau.at\/wp-content\/uploads\/2025\/11\/c0f6fdfe-ce4b-45cd-b03a-7eaf6406a24b-1-768x1024.jpg 768w, https:\/\/www.feuerwehr-breitenau.at\/wp-content\/uploads\/2025\/11\/c0f6fdfe-ce4b-45cd-b03a-7eaf6406a24b-1-225x300.jpg 225w, https:\/\/www.feuerwehr-breitenau.at\/wp-content\/uploads\/2025\/11\/c0f6fdfe-ce4b-45cd-b03a-7eaf6406a24b-1-1152x1536.jpg 1152w, https:\/\/www.feuerwehr-breitenau.at\/wp-content\/uploads\/2025\/11\/c0f6fdfe-ce4b-45cd-b03a-7eaf6406a24b-1.jpg 1200w\" sizes=\"auto, (max-width: 768px) 100vw, 768px\" \/><\/figure>\n<\/figure>\n","protected":false},"excerpt":{"rendered":"<p>Am Dienstag, den 11.11.2025, fand in Mollram die Funk\u00fcbung des Unterabschnitt 1 in Mollram statt. &nbsp; Die diesj\u00e4hrige Funk\u00fcbung stand<\/p>\n","protected":false},"author":18,"featured_media":8481,"comment_status":"closed","ping_status":"closed","sticky":false,"template":"","format":"standard","meta":{"colormag_page_container_layout":"default_layout","colormag_page_sidebar_layout":"default_layout","footnotes":""},"categories":[5,2],"tags":[],"class_list":["post-8539","post","type-post","status-publish","format-standard","has-post-thumbnail","hentry","category-ausbildung","category-news"],"_links":{"self":[{"href":"https:\/\/www.feuerwehr-breitenau.at\/index.php?rest_route=\/wp\/v2\/posts\/8539","targetHints":{"allow":["GET"]}}],"collection":[{"href":"https:\/\/www.feuerwehr-breitenau.at\/index.php?rest_route=\/wp\/v2\/posts"}],"about":[{"href":"https:\/\/www.feuerwehr-breitenau.at\/index.php?rest_route=\/wp\/v2\/types\/post"}],"author":[{"embeddable":true,"href":"https:\/\/www.feuerwehr-breitenau.at\/index.php?rest_route=\/wp\/v2\/users\/18"}],"replies":[{"embeddable":true,"href":"https:\/\/www.feuerwehr-breitenau.at\/index.php?rest_route=%2Fwp%2Fv2%2Fcomments&post=8539"}],"version-history":[{"count":1,"href":"https:\/\/www.feuerwehr-breitenau.at\/index.php?rest_route=\/wp\/v2\/posts\/8539\/revisions"}],"predecessor-version":[{"id":8540,"href":"https:\/\/www.feuerwehr-breitenau.at\/index.php?rest_route=\/wp\/v2\/posts\/8539\/revisions\/8540"}],"wp:featuredmedia":[{"embeddable":true,"href":"https:\/\/www.feuerwehr-breitenau.at\/index.php?rest_route=\/wp\/v2\/media\/8481"}],"wp:attachment":[{"href":"https:\/\/www.feuerwehr-breitenau.at\/index.php?rest_route=%2Fwp%2Fv2%2Fmedia&parent=8539"}],"wp:term":[{"taxonomy":"category","embeddable":true,"href":"https:\/\/www.feuerwehr-breitenau.at\/index.php?rest_route=%2Fwp%2Fv2%2Fcategories&post=8539"},{"taxonomy":"post_tag","embeddable":true,"href":"https:\/\/www.feuerwehr-breitenau.at\/index.php?rest_route=%2Fwp%2Fv2%2Ftags&post=8539"}],"curies":[{"name":"wp","href":"https:\/\/api.w.org\/{rel}","templated":true}]}}