{"id":8768,"date":"2026-02-25T16:25:28","date_gmt":"2026-02-25T16:25:28","guid":{"rendered":"https:\/\/www.feuerwehr-breitenau.at\/?p=8768"},"modified":"2026-02-25T16:25:28","modified_gmt":"2026-02-25T16:25:28","slug":"winterschulung-ua1-neunkirchen","status":"publish","type":"post","link":"https:\/\/www.feuerwehr-breitenau.at\/?p=8768","title":{"rendered":"Winterschulung UA1 Neunkirchen"},"content":{"rendered":"\n<p>Am Dienstag, den 10.02.2026 und 24.02.2026, fand im Feuerwehrhaus die Winterschulung des UA1 Neunkirchen statt.<br>Das sehr interessante Thema rund um den vorbeugenden Brandschutz in Krankenh\u00e4user, Pflege- und Betreuungseinrichtungen (BST 55) wurde uns von ABI Robert Fuchs und BI Michael Lemberger (BTF Krankenhaus Wr. Neustadt) n\u00e4hergebracht.<\/p>\n\n\n\n<p>Ein herzliches Dankesch\u00f6n an die beiden Vortragenden f\u00fcr die Vorbereitung und Durchf\u00fchrung.<\/p>\n\n\n\n<figure class=\"wp-block-gallery has-nested-images columns-default is-cropped wp-block-gallery-1 is-layout-flex wp-block-gallery-is-layout-flex\">\n<figure class=\"wp-block-image size-large\"><img loading=\"lazy\" decoding=\"async\" width=\"1024\" height=\"472\" data-id=\"8771\" src=\"https:\/\/www.feuerwehr-breitenau.at\/wp-content\/uploads\/2026\/02\/WhatsApp-Image-2026-02-25-at-17.23.07-1024x472.jpeg\" alt=\"\" class=\"wp-image-8771\" srcset=\"https:\/\/www.feuerwehr-breitenau.at\/wp-content\/uploads\/2026\/02\/WhatsApp-Image-2026-02-25-at-17.23.07-1024x472.jpeg 1024w, https:\/\/www.feuerwehr-breitenau.at\/wp-content\/uploads\/2026\/02\/WhatsApp-Image-2026-02-25-at-17.23.07-300x138.jpeg 300w, https:\/\/www.feuerwehr-breitenau.at\/wp-content\/uploads\/2026\/02\/WhatsApp-Image-2026-02-25-at-17.23.07-768x354.jpeg 768w, https:\/\/www.feuerwehr-breitenau.at\/wp-content\/uploads\/2026\/02\/WhatsApp-Image-2026-02-25-at-17.23.07-1536x708.jpeg 1536w, https:\/\/www.feuerwehr-breitenau.at\/wp-content\/uploads\/2026\/02\/WhatsApp-Image-2026-02-25-at-17.23.07.jpeg 1600w\" sizes=\"auto, (max-width: 1024px) 100vw, 1024px\" \/><\/figure>\n\n\n\n<figure class=\"wp-block-image size-large\"><img loading=\"lazy\" decoding=\"async\" width=\"1024\" height=\"576\" data-id=\"8770\" src=\"https:\/\/www.feuerwehr-breitenau.at\/wp-content\/uploads\/2026\/02\/WhatsApp-Image-2026-02-25-at-17.23.07-1-1024x576.jpeg\" alt=\"\" class=\"wp-image-8770\" srcset=\"https:\/\/www.feuerwehr-breitenau.at\/wp-content\/uploads\/2026\/02\/WhatsApp-Image-2026-02-25-at-17.23.07-1-1024x576.jpeg 1024w, https:\/\/www.feuerwehr-breitenau.at\/wp-content\/uploads\/2026\/02\/WhatsApp-Image-2026-02-25-at-17.23.07-1-300x169.jpeg 300w, https:\/\/www.feuerwehr-breitenau.at\/wp-content\/uploads\/2026\/02\/WhatsApp-Image-2026-02-25-at-17.23.07-1-768x432.jpeg 768w, https:\/\/www.feuerwehr-breitenau.at\/wp-content\/uploads\/2026\/02\/WhatsApp-Image-2026-02-25-at-17.23.07-1-1536x864.jpeg 1536w, https:\/\/www.feuerwehr-breitenau.at\/wp-content\/uploads\/2026\/02\/WhatsApp-Image-2026-02-25-at-17.23.07-1.jpeg 1600w\" sizes=\"auto, (max-width: 1024px) 100vw, 1024px\" \/><\/figure>\n\n\n\n<figure class=\"wp-block-image size-large\"><img loading=\"lazy\" decoding=\"async\" width=\"1024\" height=\"768\" data-id=\"8769\" src=\"https:\/\/www.feuerwehr-breitenau.at\/wp-content\/uploads\/2026\/02\/WhatsApp-Image-2026-02-25-at-17.23.07-2-1024x768.jpeg\" alt=\"\" class=\"wp-image-8769\" srcset=\"https:\/\/www.feuerwehr-breitenau.at\/wp-content\/uploads\/2026\/02\/WhatsApp-Image-2026-02-25-at-17.23.07-2-1024x768.jpeg 1024w, https:\/\/www.feuerwehr-breitenau.at\/wp-content\/uploads\/2026\/02\/WhatsApp-Image-2026-02-25-at-17.23.07-2-300x225.jpeg 300w, https:\/\/www.feuerwehr-breitenau.at\/wp-content\/uploads\/2026\/02\/WhatsApp-Image-2026-02-25-at-17.23.07-2-768x576.jpeg 768w, https:\/\/www.feuerwehr-breitenau.at\/wp-content\/uploads\/2026\/02\/WhatsApp-Image-2026-02-25-at-17.23.07-2-1536x1152.jpeg 1536w, https:\/\/www.feuerwehr-breitenau.at\/wp-content\/uploads\/2026\/02\/WhatsApp-Image-2026-02-25-at-17.23.07-2.jpeg 1600w\" sizes=\"auto, (max-width: 1024px) 100vw, 1024px\" \/><\/figure>\n<\/figure>\n","protected":false},"excerpt":{"rendered":"<p>Am Dienstag, den 10.02.2026 und 24.02.2026, fand im Feuerwehrhaus die Winterschulung des UA1 Neunkirchen statt.Das sehr interessante Thema rund um<\/p>\n","protected":false},"author":19,"featured_media":8770,"comment_status":"closed","ping_status":"closed","sticky":false,"template":"","format":"standard","meta":{"colormag_page_container_layout":"default_layout","colormag_page_sidebar_layout":"default_layout","footnotes":""},"categories":[5,2],"tags":[],"class_list":["post-8768","post","type-post","status-publish","format-standard","has-post-thumbnail","hentry","category-ausbildung","category-news"],"_links":{"self":[{"href":"https:\/\/www.feuerwehr-breitenau.at\/index.php?rest_route=\/wp\/v2\/posts\/8768","targetHints":{"allow":["GET"]}}],"collection":[{"href":"https:\/\/www.feuerwehr-breitenau.at\/index.php?rest_route=\/wp\/v2\/posts"}],"about":[{"href":"https:\/\/www.feuerwehr-breitenau.at\/index.php?rest_route=\/wp\/v2\/types\/post"}],"author":[{"embeddable":true,"href":"https:\/\/www.feuerwehr-breitenau.at\/index.php?rest_route=\/wp\/v2\/users\/19"}],"replies":[{"embeddable":true,"href":"https:\/\/www.feuerwehr-breitenau.at\/index.php?rest_route=%2Fwp%2Fv2%2Fcomments&post=8768"}],"version-history":[{"count":1,"href":"https:\/\/www.feuerwehr-breitenau.at\/index.php?rest_route=\/wp\/v2\/posts\/8768\/revisions"}],"predecessor-version":[{"id":8772,"href":"https:\/\/www.feuerwehr-breitenau.at\/index.php?rest_route=\/wp\/v2\/posts\/8768\/revisions\/8772"}],"wp:featuredmedia":[{"embeddable":true,"href":"https:\/\/www.feuerwehr-breitenau.at\/index.php?rest_route=\/wp\/v2\/media\/8770"}],"wp:attachment":[{"href":"https:\/\/www.feuerwehr-breitenau.at\/index.php?rest_route=%2Fwp%2Fv2%2Fmedia&parent=8768"}],"wp:term":[{"taxonomy":"category","embeddable":true,"href":"https:\/\/www.feuerwehr-breitenau.at\/index.php?rest_route=%2Fwp%2Fv2%2Fcategories&post=8768"},{"taxonomy":"post_tag","embeddable":true,"href":"https:\/\/www.feuerwehr-breitenau.at\/index.php?rest_route=%2Fwp%2Fv2%2Ftags&post=8768"}],"curies":[{"name":"wp","href":"https:\/\/api.w.org\/{rel}","templated":true}]}}